{"id":7574,"date":"2013-11-29T10:27:21","date_gmt":"2013-11-29T10:27:21","guid":{"rendered":"http:\/\/www.zamakonayards.com\/beta\/en\/?p=7574"},"modified":"2016-03-02T10:06:49","modified_gmt":"2016-03-02T10:06:49","slug":"visita-del-alcalde-de-las-palmas-de-gran-canaria-a-zamakona-yards","status":"publish","type":"post","link":"https:\/\/www.zamakonayards.com\/en\/visita-del-alcalde-de-las-palmas-de-gran-canaria-a-zamakona-yards\/","title":{"rendered":"Visita del Alcalde de Las Palmas de Gran Canaria a Zamakona Yards"},"content":{"rendered":"<p style=\"text-align: justify;\" align=\"JUSTIFY\">En la ma\u00f1ana de hoy <b>viernes 29 de noviembre <\/b>a las 8:30, el Excmo. Sr. Alcalde de <a title=\"Ayuntamiento de Las Palmas de Gran Canaria\" href=\"http:\/\/www.laspalmasgc.es\/\" target=\"_blank\">Las Palmas de Gran Canaria<\/a>, <b>D. Juan Jos\u00e9 Cardona<\/b>\u00a0realiz\u00f3 una visita a las instalaciones de Zamakona Yards en el Puerto de Las Palmas de Gran Canaria. Estuvo acompa\u00f1ado por la Concejala de distrito Puerto <b>D\u00f1a. Carolina Le\u00f3n<\/b> y el Jefe \u00c1rea Infraestructuras e Ingenier\u00eda de la\u00a0<a title=\"Autoridad Portuaria Las Palmas\" href=\"http:\/\/www.palmasport.es\/00000\/paginas\/html\/default.htm\" target=\"_blank\">Autoridad Portuaria<\/a>, <b>D. Salvador Capella<\/b>.<\/p>\n<p style=\"text-align: justify;\" align=\"JUSTIFY\">\u00a0<\/p>\n<p style=\"text-align: justify;\" align=\"JUSTIFY\">Durante la visita se mantuvo una reuni\u00f3n de trabajo con el CEO del Grupo Zamakona Yards en Canarias <b>D. Alvaro Garaygord\u00f3bil<\/b>, con el Director General <b>D. Borja Garaygord\u00f3bil <\/b>y el Director de Marketing <b>D. Leandro Aguirreche<\/b>.<\/p>\n<p style=\"text-align: justify;\" align=\"JUSTIFY\">\u00a0<\/p>\n<p align=\"JUSTIFY\">Durante la reuni\u00f3n el Sr. Alcalde tuvo la oportunidad de conocer de primera mano la actividad de reparaciones navales que desarrolla nuestro grupo en Gran Canaria desde 1972, mostr\u00e1ndose muy interesado en los <b>proyectos actuales<\/b> que Zamakona Yards est\u00e1 realizando.<\/p>\n<p align=\"JUSTIFY\">\u00a0<\/p>\n<p align=\"JUSTIFY\">Ahora mismo, Zamakona Yards est\u00e1 trabajando en la <a title=\"Ampliaci\u00f3n Carro N\u00ba 4 Repnaval\" href=\"http:\/\/www.zamakonayards.com\/esp\/blog\/modernizacion-y-mejora-de-nuestro-astillero-en-canarias\/\" target=\"_blank\">ampliaci\u00f3n del carro N\u00ba 4<\/a> y la futura construcci\u00f3n de un Taller especializado en la reparaci\u00f3n de h\u00e9lices azimutales en la parcela recientemente concedida por el consejo de la Autoridad Portuaria en el muelle Reina Sof\u00eda.<\/p>\n<p align=\"JUSTIFY\">\u00a0<\/p>\n<p align=\"JUSTIFY\">El <strong>Sr. Cardona<\/strong> destac\u00f3 la importancia de nuestro sector en la econom\u00eda canaria y expres\u00f3 la absoluta disposici\u00f3n del Ayuntamiento que preside a colaborar en la promoci\u00f3n de nuestro puerto como una de las ejes claves del plan de internacionalizaci\u00f3n de la ciudad que est\u00e1 liderando.<\/p>\n<p align=\"JUSTIFY\">\u00a0<\/p>\n<p align=\"JUSTIFY\">Desde aqu\u00ed queremos agradecer su visita y congratularnos por la gran sinton\u00eda demostrada con los retos de futuro del sector de las reparaciones navales, del Puerto de Las Palmas, y por ende de nuestra ciudad.<\/p>\n","protected":false},"excerpt":{"rendered":"<p>En la ma\u00f1ana de hoy viernes 29 de noviembre a las 8:30, el Excmo. Sr. Alcalde de Las Palmas de Gran Canaria, D. Juan Jos\u00e9 Cardona\u00a0realiz\u00f3 una visita a las instalaciones de Zamakona Yards en el Puerto de Las Palmas de Gran Canaria. Estuvo acompa\u00f1ado por la Concejala de distrito&#8230;<\/p>\n","protected":false},"author":2,"featured_media":8212,"comment_status":"open","ping_status":"open","sticky":false,"template":"","format":"standard","meta":{"_s2mail":"yes","footnotes":""},"categories":[415,423],"tags":[620,569,470],"class_list":["post-7574","post","type-post","status-publish","format-standard","has-post-thumbnail","hentry","category-las-palmas-port-en","category-zamakona-yards","tag-juan-jose-cardona-en","tag-port-of-las-palmas","tag-zamakona-yards-en"],"_links":{"self":[{"href":"https:\/\/www.zamakonayards.com\/en\/wp-json\/wp\/v2\/posts\/7574","targetHints":{"allow":["GET"]}}],"collection":[{"href":"https:\/\/www.zamakonayards.com\/en\/wp-json\/wp\/v2\/posts"}],"about":[{"href":"https:\/\/www.zamakonayards.com\/en\/wp-json\/wp\/v2\/types\/post"}],"author":[{"embeddable":true,"href":"https:\/\/www.zamakonayards.com\/en\/wp-json\/wp\/v2\/users\/2"}],"replies":[{"embeddable":true,"href":"https:\/\/www.zamakonayards.com\/en\/wp-json\/wp\/v2\/comments?post=7574"}],"version-history":[{"count":0,"href":"https:\/\/www.zamakonayards.com\/en\/wp-json\/wp\/v2\/posts\/7574\/revisions"}],"wp:featuredmedia":[{"embeddable":true,"href":"https:\/\/www.zamakonayards.com\/en\/wp-json\/wp\/v2\/media\/8212"}],"wp:attachment":[{"href":"https:\/\/www.zamakonayards.com\/en\/wp-json\/wp\/v2\/media?parent=7574"}],"wp:term":[{"taxonomy":"category","embeddable":true,"href":"https:\/\/www.zamakonayards.com\/en\/wp-json\/wp\/v2\/categories?post=7574"},{"taxonomy":"post_tag","embeddable":true,"href":"https:\/\/www.zamakonayards.com\/en\/wp-json\/wp\/v2\/tags?post=7574"}],"curies":[{"name":"wp","href":"https:\/\/api.w.org\/{rel}","templated":true}]}}