{"id":29404,"date":"2022-03-04T11:16:44","date_gmt":"2022-03-04T11:16:44","guid":{"rendered":"https:\/\/www.zamakonayards.com\/salvamento-maritimo-celebra-la-puesta-de-quilla-de-un-nuevo-remolcador\/"},"modified":"2022-03-04T11:16:44","modified_gmt":"2022-03-04T11:16:44","slug":"salvamento-maritimo-celebra-la-puesta-de-quilla-de-un-nuevo-remolcador","status":"publish","type":"post","link":"http:\/\/www.zamakonayards.com\/en\/salvamento-maritimo-celebra-la-puesta-de-quilla-de-un-nuevo-remolcador\/","title":{"rendered":"Salvamento Mar\u00edtimo celebra la puesta de quilla de un nuevo remolcador"},"content":{"rendered":"\n\n\n<p>Salvamento Mar\u00edtimo, dependiente del Ministerio de Transportes, Movilidad y Agenda Urbana, ha celebrado esta ma\u00f1ana la puesta de quilla de su nuevo buque remolcador, en la sede de Astillero Zamakona, en Santurtzi \u2013adjudicatarios del concurso para la construcci\u00f3n del buque-. Al acto han acudido la secretaria general de Transportes y Movilidad, Mar\u00eda Jos\u00e9 Rallo, el director de Salvamento Mar\u00edtimo, Jos\u00e9 Luis Garc\u00eda Lena, el subdelegado del Gobierno en Bizkaia, Jos\u00e9 Vicente Reyes, y el presidente de Zamakona, Pedro Mar\u00eda Garaygord\u00f3bil.<\/p>\n<p><img loading=\"lazy\" decoding=\"async\" class=\"aligncenter size-large wp-image-29312\" src=\"https:\/\/www.zamakonayards.com\/wp-content\/uploads\/2022\/03\/275009856_4820890058032713_2033704730683803048_n-1024x682.jpeg\" alt=\"\" width=\"1024\" height=\"682\" srcset=\"http:\/\/www.zamakonayards.com\/wp-content\/uploads\/2022\/03\/275009856_4820890058032713_2033704730683803048_n-1024x682.jpeg 1024w, http:\/\/www.zamakonayards.com\/wp-content\/uploads\/2022\/03\/275009856_4820890058032713_2033704730683803048_n-342x228.jpeg 342w, http:\/\/www.zamakonayards.com\/wp-content\/uploads\/2022\/03\/275009856_4820890058032713_2033704730683803048_n-768x512.jpeg 768w, http:\/\/www.zamakonayards.com\/wp-content\/uploads\/2022\/03\/275009856_4820890058032713_2033704730683803048_n.jpeg 1040w\" sizes=\"auto, (max-width: 1024px) 100vw, 1024px\" \/><\/p>\n<p>La puesta de quilla es una celebraci\u00f3n simb\u00f3lica con la que se se\u00f1ala el inicio de la\u00a0<a href=\"https:\/\/es.wikipedia.org\/wiki\/Construcci%C3%B3n_naval\">construcci\u00f3n de una nave<\/a>. A \u00e9l le seguir\u00e1n otros dos hitos: la botadura, prevista para febrero de 2023, y la entrega definitiva, en octubre de ese mismo a\u00f1o.<\/p>\n<p>Este nuevo buque, para el que todav\u00eda no se ha decidido el nombre, es del tipo remolcador de altura, especializado en salvamento de la vida humana en \u00a0la mar, remolque y en lucha contra la contaminaci\u00f3n, y ha supuesto una inversi\u00f3n de 52,5 millones de euros.<\/p>\n<p>Su construcci\u00f3n est\u00e1 enmarcada en el Plan Nacional de Salvamento 2021-2024 \u2013de la Direcci\u00f3n General de la Marina Mercante y Salvamento Mar\u00edtimo-, que se aprob\u00f3 en diciembre pasado y tiene entre sus l\u00edneas m\u00e1s importantes la modernizaci\u00f3n de los medios, con el objetivo de dar un servicio eficaz y eficiente.<\/p>\n<p style=\"text-align: left;\">El nuevo remolcador tiene 82,35 metros de eslora y 18 de manga,\u00a0 y su zona de habilitaci\u00f3n tendr\u00e1 capacidad para alojar a 16 miembros de la tripulaci\u00f3n y 26 de operaciones especiales. El nuevo buque incluir\u00e1, entre otros, un sistema de mejora del comportamiento en la mar mediante tanque pasivo, un sistema de posicionamiento din\u00e1mico DP-2, tracci\u00f3n a punto fijo &#8211;<em>board pull<\/em>&#8211; de 200 toneladas y un sistema de lucha contraincendios.\u00a0<\/p>\n<p style=\"text-align: left;\"><strong>Primer buque de Salvamento Mar\u00edtimo preparado para operar con drones<\/strong><\/p>\n<p style=\"text-align: left;\">Lo que le hace \u00fanico dentro de la flota, es que es el primer buque que podr\u00e1 operar con drones en b\u00fasquedas en la mar.<\/p>\n<p style=\"text-align: left;\">Incluye una cubierta de vuelo para drones de hasta 9 metros y un hangar con capacidad simult\u00e1nea para dos drones, con lo que se mejora la capacidad de manejo de todas las situaciones a las que se hace frente en Salvamento Mar\u00edtimo.<\/p>\n<p style=\"text-align: left;\">Tambi\u00e9n es destacable que, en l\u00ednea con el segundo eje del Plan Nacional \u2013descarbonizaci\u00f3n y sostenibilidad- la Direcci\u00f3n General de la Marina Mercante y Salvamento Mar\u00edtimo- han buscado la optimizaci\u00f3n de los consumos energ\u00e9ticos del barco mediante una planta propulsora para navegaciones <em>ECO<\/em>, su propulsi\u00f3n ser\u00e1 di\u00e9sel- el\u00e9ctrica, cumpliendo con el reglamento de emisiones Tier III, y tambi\u00e9n dispondr\u00e1 de una conexi\u00f3n el\u00e9ctrica a puerto adaptada.<\/p>\n","protected":false},"excerpt":{"rendered":"<p>Salvamento Mar\u00edtimo, dependiente del Ministerio de Transportes, Movilidad y Agenda Urbana, ha celebrado esta ma\u00f1ana la puesta de quilla de su nuevo buque remolcador, en la sede de Astillero Zamakona, en Santurtzi \u2013adjudicatarios del concurso para la construcci\u00f3n del buque-. Al acto han acudido la secretaria general de Transportes y&#8230;<\/p>\n","protected":false},"author":2,"featured_media":29311,"comment_status":"open","ping_status":"open","sticky":false,"template":"","format":"standard","meta":{"_s2mail":"","footnotes":""},"categories":[412],"tags":[793],"class_list":["post-29404","post","type-post","status-publish","format-standard","has-post-thumbnail","hentry","category-ship-building","tag-salvamento-maritimo-en"],"_links":{"self":[{"href":"http:\/\/www.zamakonayards.com\/en\/wp-json\/wp\/v2\/posts\/29404","targetHints":{"allow":["GET"]}}],"collection":[{"href":"http:\/\/www.zamakonayards.com\/en\/wp-json\/wp\/v2\/posts"}],"about":[{"href":"http:\/\/www.zamakonayards.com\/en\/wp-json\/wp\/v2\/types\/post"}],"author":[{"embeddable":true,"href":"http:\/\/www.zamakonayards.com\/en\/wp-json\/wp\/v2\/users\/2"}],"replies":[{"embeddable":true,"href":"http:\/\/www.zamakonayards.com\/en\/wp-json\/wp\/v2\/comments?post=29404"}],"version-history":[{"count":0,"href":"http:\/\/www.zamakonayards.com\/en\/wp-json\/wp\/v2\/posts\/29404\/revisions"}],"wp:featuredmedia":[{"embeddable":true,"href":"http:\/\/www.zamakonayards.com\/en\/wp-json\/wp\/v2\/media\/29311"}],"wp:attachment":[{"href":"http:\/\/www.zamakonayards.com\/en\/wp-json\/wp\/v2\/media?parent=29404"}],"wp:term":[{"taxonomy":"category","embeddable":true,"href":"http:\/\/www.zamakonayards.com\/en\/wp-json\/wp\/v2\/categories?post=29404"},{"taxonomy":"post_tag","embeddable":true,"href":"http:\/\/www.zamakonayards.com\/en\/wp-json\/wp\/v2\/tags?post=29404"}],"curies":[{"name":"wp","href":"https:\/\/api.w.org\/{rel}","templated":true}]}}